{"id":384,"date":"2023-11-08T17:24:53","date_gmt":"2023-11-08T17:24:53","guid":{"rendered":"https:\/\/ipini.it\/?page_id=384"},"modified":"2026-02-13T09:49:30","modified_gmt":"2026-02-13T09:49:30","slug":"iscrizioni","status":"publish","type":"post","link":"https:\/\/ipini.it\/?p=384","title":{"rendered":"Iscrizioni"},"content":{"rendered":"<div id='av_section_1'  class='avia-section av-av_section-980fee4d19c602e23c50fbb7aaff8162 main_color avia-section-default avia-shadow  avia-builder-el-0  el_before_av_section  avia-builder-el-first  avia-bg-style-scroll container_wrap sidebar_right'  ><div class='container av-section-cont-open' ><main  role=\"main\" itemprop=\"mainContentOfPage\"  class='template-page content  av-content-small alpha units'><div class='post-entry post-entry-type-page post-entry-384'><div class='entry-content-wrapper clearfix'>\n\n\n<\/div><\/div><\/main><!-- close content main element --><\/div><\/div><div id='av_section_2'  class='avia-section av-av_section-262e30ec1696d08464b4f30857772b66 main_color avia-section-default avia-shadow  avia-builder-el-2  el_after_av_section  avia-builder-el-last  avia-bg-style-scroll container_wrap sidebar_right'  ><div class='container av-section-cont-open' ><div class='template-page content  av-content-small alpha units'><div class='post-entry post-entry-type-page post-entry-384'><div class='entry-content-wrapper clearfix'>\n<div  class='flex_column av-av_one_full-fa18c791ece7522c9716c00b72fc46ce av_one_full  avia-builder-el-3  avia-builder-el-no-sibling  first flex_column_div  '     ><p><section  class='av_textblock_section av-av_textblock-ce24f6b80b9e72de59d00aaaf142c59b '   itemscope=\"itemscope\" itemtype=\"https:\/\/schema.org\/BlogPosting\" itemprop=\"blogPost\" ><div class='avia_textblock'  itemprop=\"text\" ><p>Piano triennale dell\u2019offerta formativa:<\/p>\n<p><a href=\\\"https:\/\/ipini.it\/wp-content\/uploads\/2026\/02\/PTOF-25-28.pdf\\\">PTOF 25-28<\/a><\/p>\n<p>Sono aperte le iscrizioni per l\u2019anno scolastico 2026\u2013 2027.<\/p>\n<p>Le domande per l\u2019 iscrizione al 1\u00b0 anno della Scuola dell\u2019infanzia e della Scuola primaria devono essere presentate\u00a0<strong>fra il 13 gennaio e il 21 febbraio 2026<\/strong>.<\/p>\n<p>La nostra Scuola non accetta iscrizioni on line, ma contattaci per qualsiasi informazione o per fissare un appuntamento!<\/p>\n<p>Le persone che desiderano visitare la scuola, anche durante l\u2019attivit\u00e0 didattica, e conoscere il PTOF,\u00a0possono venire a trovarci\u00a0<strong>tutti i giorni, dal luned\u00ec al venerd\u00ec, dalle 9 alle 13<\/strong>\u00a0o di pomeriggio per appuntamento.<\/p>\n<p>Per l\u2019iscrizione devono essere compilati presso la Segreteria gli appositi moduli prestampati e deve essere versata la relativa quota. La retta per la frequenza scolastica \u00e8 annuale e pu\u00f2 essere suddivisa in 10 mensilit\u00e0; tutti i servizi aggiuntivi vengono pagati a parte. All\u2019atto dell\u2019iscrizione viene consegnato il regolamento della Scuola.<\/p>\n<\/div><\/section><br \/>\n<div  class='av_promobox av-av_promobox-cca998d8e6c0ee30b0463a9370cc6e7a avia-button-yes  avia-builder-el-5  el_after_av_textblock  avia-builder-el-last '><div class='avia-promocontent'><\/p>\n<div class=\"flex_column av-1r0z1st-b5c90444ed11f20331646fd9489b01fd av_two_third avia-builder-el-3 el_before_av_one_third avia-builder-el-first first flex_column_table_cell av-equal-height-column av-align-middle av-zero-column-padding \">\n<div class=\"av-special-heading av-1q7uybh-2386a8ebe9ce59e000f3c35d00bd6191 av-special-heading-h4 blockquote modern-quote avia-builder-el-4 avia-builder-el-no-sibling av-inherit-size \">\n<h4 class=\"av-special-heading-tag \"><strong>Cosa aspetti? Scegli il meglio per tuo figlio.<\/strong><\/h4>\n<\/div>\n<\/div>\n<p>\n<\/div><div  class='avia-button-wrap av-av_button-c797db248a4a392d41ee07b5dd6bd5c3-wrap avia-button-right '><a href=''  class='avia-button av-av_button-c797db248a4a392d41ee07b5dd6bd5c3 avia-icon_select-yes-left-icon avia-size-small avia-position-right avia-color-theme-color'  ><span class='avia_button_icon avia_button_icon_left' aria-hidden='true' data-av_icon='' data-av_iconfont='entypo-fontello'><\/span><span class='avia_iconbox_title' >Click me<\/span><\/a><\/div><\/div><\/p><\/div><\/div><\/div><\/div><!-- close content main div --><\/div><\/div><div id='after_section_2'  class='main_color av_default_container_wrap container_wrap sidebar_right'  ><div class='container av-section-cont-open' ><div class='template-page content  av-content-small alpha units'><div class='post-entry post-entry-type-page post-entry-384'><div class='entry-content-wrapper clearfix'>\n","protected":false},"excerpt":{"rendered":"","protected":false},"author":1,"featured_media":0,"comment_status":"closed","ping_status":"closed","sticky":false,"template":"","format":"standard","meta":{"footnotes":""},"categories":[],"tags":[],"class_list":["post-384","post","type-post","status-publish","format-standard","hentry"],"_links":{"self":[{"href":"https:\/\/ipini.it\/index.php?rest_route=\/wp\/v2\/posts\/384","targetHints":{"allow":["GET"]}}],"collection":[{"href":"https:\/\/ipini.it\/index.php?rest_route=\/wp\/v2\/posts"}],"about":[{"href":"https:\/\/ipini.it\/index.php?rest_route=\/wp\/v2\/types\/post"}],"author":[{"embeddable":true,"href":"https:\/\/ipini.it\/index.php?rest_route=\/wp\/v2\/users\/1"}],"replies":[{"embeddable":true,"href":"https:\/\/ipini.it\/index.php?rest_route=%2Fwp%2Fv2%2Fcomments&post=384"}],"version-history":[{"count":0,"href":"https:\/\/ipini.it\/index.php?rest_route=\/wp\/v2\/posts\/384\/revisions"}],"wp:attachment":[{"href":"https:\/\/ipini.it\/index.php?rest_route=%2Fwp%2Fv2%2Fmedia&parent=384"}],"wp:term":[{"taxonomy":"category","embeddable":true,"href":"https:\/\/ipini.it\/index.php?rest_route=%2Fwp%2Fv2%2Fcategories&post=384"},{"taxonomy":"post_tag","embeddable":true,"href":"https:\/\/ipini.it\/index.php?rest_route=%2Fwp%2Fv2%2Ftags&post=384"}],"curies":[{"name":"wp","href":"https:\/\/api.w.org\/{rel}","templated":true}]}}