{"id":1936,"date":"2023-11-09T16:05:41","date_gmt":"2023-11-09T16:05:41","guid":{"rendered":"https:\/\/ipini.it\/?page_id=1936"},"modified":"2024-01-04T11:16:31","modified_gmt":"2024-01-04T11:16:31","slug":"scuola-primaria","status":"publish","type":"post","link":"https:\/\/ipini.it\/?p=1936","title":{"rendered":"Scuola primaria"},"content":{"rendered":"<div id='av_section_1'  class='avia-section av-av_section-2204f2ebbd8a149c482c40cbd8791c1b main_color avia-section-default avia-shadow  avia-builder-el-0  el_before_av_section  avia-builder-el-first  avia-bg-style-scroll container_wrap sidebar_right'  ><div class='container av-section-cont-open' ><main  role=\"main\" itemprop=\"mainContentOfPage\"  class='template-page content  av-content-small alpha units'><div class='post-entry post-entry-type-page post-entry-1936'><div class='entry-content-wrapper clearfix'>\n\n\n<\/div><\/div><\/main><!-- close content main element --><\/div><\/div><div id='av_section_2'  class='avia-section av-av_section-60c32e90b70da5ad1c82e119468083af main_color avia-section-default avia-shadow  avia-builder-el-2  el_after_av_section  avia-builder-el-last  avia-bg-style-scroll container_wrap sidebar_right'  ><div class='container av-section-cont-open' ><div class='template-page content  av-content-small alpha units'><div class='post-entry post-entry-type-page post-entry-1936'><div class='entry-content-wrapper clearfix'>\n<div  class='flex_column av-av_one_full-eda95be05d4455f30483ca0a2cb7f8d6 av_one_full  avia-builder-el-3  el_before_av_one_full  avia-builder-el-first  first flex_column_div  '     ><p><br \/>\n<section  class='av_textblock_section av-av_textblock-bd852e4bead8af52d5a8bc686cde98e1 '   itemscope=\"itemscope\" itemtype=\"https:\/\/schema.org\/BlogPosting\" itemprop=\"blogPost\" ><div class='avia_textblock'  itemprop=\"text\" ><p>La scuola Primaria I Pini dispone di\u00a0<strong>aule luminose e spaziose<\/strong>\u00a0per l\u2019attivit\u00e0 didattica; un\u2019ampia\u00a0<strong>palestra<\/strong>\u00a0per lo svolgimento dell\u2019attivit\u00e0 fisica e l\u2019allestimento delle recite;\u00a0<strong>refettorio<\/strong>;\u00a0<strong>cortile<\/strong>\u00a0e\u00a0<strong>campo di basket<\/strong>\u00a0all\u2019aperto.<\/p>\n<\/div><\/section><\/p><\/div><div  class='flex_column av-av_one_full-400d97a250b8477035d65e069d40b16e av_one_full  avia-builder-el-6  el_after_av_one_full  el_before_av_one_full  first flex_column_div  column-top-margin'     ><\/div><div  class='flex_column av-av_one_full-057861eb94fcbe92ccb715d5a7ce30c5 av_one_full  avia-builder-el-8  el_after_av_one_full  el_before_av_one_full  first flex_column_div  column-top-margin'     ><p><br \/>\n<section  class='av_textblock_section av-av_textblock-bb541249b8f5a9227bd0848508be9b69 '   itemscope=\"itemscope\" itemtype=\"https:\/\/schema.org\/BlogPosting\" itemprop=\"blogPost\" ><div class='avia_textblock'  itemprop=\"text\" ><p><strong>Il monte orario annuale<\/strong>, sulla base di 27 ore settimanali per le classi 1^ 2^ 3^, e di 29 ore settimanali per le classi 4^ e 5^,\u00a0<strong>viene distribuito su 5 giorni<\/strong>, dal luned\u00ec al venerd\u00ec con le seguenti modalit\u00e0:<\/p>\n<p>Classi 1^, 2^, 3^, inizio lezioni ore 8:30 \u2013 fine lezioni ore 13:30; Mercoled\u00ec: rientro dalle ore 14:30 alle ore 16:30.<\/p>\n<p>Classi 4^ e 5^, inizio lezioni ore 8:30 \u2013 fine lezioni ore 14:00; Mercoled\u00ec: fine lezioni ore 13:30 e rientro dalle ore 14:30 alle ore 16:30.<\/p>\n<p>I bambini possono arrivare a scuola dalle 7.30 e trattenersi fino alle 14.00, sempre sorvegliati e senza alcuna spesa aggiuntiva. La scuola resta aperta fino alle 18.30 per consentire a chi lo desidera di usufruire delle attivit\u00e0 extrascolastiche.<\/p>\n<\/div><\/section><\/p><\/div><div  class='flex_column av-av_one_full-44478c0625da10d00378a1661275af1f av_one_full  avia-builder-el-11  el_after_av_one_full  el_before_av_one_full  first flex_column_div  column-top-margin'     ><\/div><div  class='flex_column av-av_one_full-5972333229c8d531d178e8c60756a0bf av_one_full  avia-builder-el-13  el_after_av_one_full  el_before_av_one_full  first flex_column_div  column-top-margin'     ><p><br \/>\n<section  class='av_textblock_section av-av_textblock-d908bb5cda42f9857d3276fc954ffee6 '   itemscope=\"itemscope\" itemtype=\"https:\/\/schema.org\/BlogPosting\" itemprop=\"blogPost\" ><div class='avia_textblock'  itemprop=\"text\" ><p>L\u2019impostazione didattica della scuola I Pini si caratterizza: per la\u00a0<strong>maestra unica<\/strong>\u00a0affiancata da altri docenti per alcune materie specifiche (inglese, educazione motoria, ecc.) che segue con continuit\u00e0 gli alunni (dalla classe 1\u00b0 alla classe 5\u00b0); per la\u00a0<strong>cura e l\u2019interesse costante<\/strong>\u00a0sulla qualit\u00e0 dell\u2019insegnamento e sulla valutazione dei risultati ottenuti; per le\u00a0<strong>varie iniziative<\/strong>\u00a0organizzate in diversi ambiti che arricchiscono le nozioni apprese e stimolano la curiosit\u00e0 dei bambini; per il\u00a0<strong>Progetto Educativo di Istituto (PEI)<\/strong>\u00a0e il\u00a0<strong>Piano dell\u2019Offerta Formativa (PTOF)<\/strong>, che assicurano ad ogni alunno, sulla base dei propri ritmi di apprendimento, un percorso formativo che renda possibile l\u2019acquisizione di conoscenze, competenze e capacit\u00e0. I progetti da inserire annualmente nel PTOF sono discussi e decisi all\u2019inizio dell\u2019anno scolastico dal Collegio dei Docenti e spesso adattati nel corso dello stesso anno a seconda delle necessit\u00e0.<\/p>\n<p><b>Attivit\u00e0 opzionali<\/b><\/p>\n<p>Sono attivit\u00e0 che cambiano di anno in anno e che vengono svolte al pomeriggio, a integrazione dell\u2019offerta formativa.<\/p>\n<\/div><\/section><\/p><\/div><div  class='flex_column av-av_one_full-090c816802226c50923d18447ec85531 av_one_full  avia-builder-el-16  el_after_av_one_full  el_before_av_one_full  first flex_column_div  column-top-margin'     ><\/div><div  class='flex_column av-av_one_full-171bde45fd0fba5b015c044882fd51a2 av_one_full  avia-builder-el-18  el_after_av_one_full  el_before_av_one_full  first flex_column_div  column-top-margin'     ><p><br \/>\n<section  class='av_textblock_section av-av_textblock-0997bbe6738f19de8111555e19175e34 '   itemscope=\"itemscope\" itemtype=\"https:\/\/schema.org\/BlogPosting\" itemprop=\"blogPost\" ><div class='avia_textblock'  itemprop=\"text\" ><p>L\\&#8217;equipe educativa, composta dai consigli di classe che si riuniscono periodicamente secondo le vigenti disposizioni, si avvale anche, in caso di necessit\u00e0, della collaborazione delle assistenti del doposcuola per integrare con pi\u00f9 informazioni i giudizi sugli alunni e sul loro profitto.<\/p>\n<\/div><\/section><\/p><\/div><div  class='flex_column av-av_one_full-0c1236b5b811d01ac2fd3e1b596f1958 av_one_full  avia-builder-el-21  el_after_av_one_full  el_before_av_one_full  first flex_column_div  column-top-margin'     ><\/div><div  class='flex_column av-av_one_full-1ba976f84ccc5d465815af4f18e4ade2 av_one_full  avia-builder-el-23  el_after_av_one_full  el_before_av_image  first flex_column_div  column-top-margin'     ><p><br \/>\n<section  class='av_textblock_section av-av_textblock-790a7fec13818b87e7e1d259238b5aee '   itemscope=\"itemscope\" itemtype=\"https:\/\/schema.org\/BlogPosting\" itemprop=\"blogPost\" ><div class='avia_textblock'  itemprop=\"text\" ><div id=\\\"content\\\" class=\\\"large-8 columns\\\">\n<p>Il pasto, preparato da una ditta specializzata e garantita dalla normativa HACCP, segue le tabelle dietetiche della ASL e si compone di primo, secondo, contorno e frutta. Viene servito alle 13.30. Per i bambini che soffrono di intolleranze alimentari vengono forniti pasti personalizzati.<\/p>\n<p><strong>Doposcuola<\/strong><\/p>\n<p>Dalle 14e30 alle 18e30 si pu\u00f2 usufruire del servizio doposcuola, durante il quale i bambini sono seguiti da due insegnanti nello svolgimento dei compiti assegnati la mattina.<\/p>\n<\/div>\n<\/div><\/section><\/p><\/div>\n<\/div><\/div><\/div><!-- close content main div --><\/div><\/div><div id='after_section_2'  class='main_color av_default_container_wrap container_wrap sidebar_right'  ><div class='container av-section-cont-open' ><div class='template-page content  av-content-small alpha units'><div class='post-entry post-entry-type-page post-entry-1936'><div class='entry-content-wrapper clearfix'>\n","protected":false},"excerpt":{"rendered":"","protected":false},"author":1,"featured_media":0,"comment_status":"closed","ping_status":"closed","sticky":false,"template":"","format":"standard","meta":{"footnotes":""},"categories":[],"tags":[],"class_list":["post-1936","post","type-post","status-publish","format-standard","hentry"],"_links":{"self":[{"href":"https:\/\/ipini.it\/index.php?rest_route=\/wp\/v2\/posts\/1936","targetHints":{"allow":["GET"]}}],"collection":[{"href":"https:\/\/ipini.it\/index.php?rest_route=\/wp\/v2\/posts"}],"about":[{"href":"https:\/\/ipini.it\/index.php?rest_route=\/wp\/v2\/types\/post"}],"author":[{"embeddable":true,"href":"https:\/\/ipini.it\/index.php?rest_route=\/wp\/v2\/users\/1"}],"replies":[{"embeddable":true,"href":"https:\/\/ipini.it\/index.php?rest_route=%2Fwp%2Fv2%2Fcomments&post=1936"}],"version-history":[{"count":0,"href":"https:\/\/ipini.it\/index.php?rest_route=\/wp\/v2\/posts\/1936\/revisions"}],"wp:attachment":[{"href":"https:\/\/ipini.it\/index.php?rest_route=%2Fwp%2Fv2%2Fmedia&parent=1936"}],"wp:term":[{"taxonomy":"category","embeddable":true,"href":"https:\/\/ipini.it\/index.php?rest_route=%2Fwp%2Fv2%2Fcategories&post=1936"},{"taxonomy":"post_tag","embeddable":true,"href":"https:\/\/ipini.it\/index.php?rest_route=%2Fwp%2Fv2%2Ftags&post=1936"}],"curies":[{"name":"wp","href":"https:\/\/api.w.org\/{rel}","templated":true}]}}