{"id":1934,"date":"2023-11-09T16:04:54","date_gmt":"2023-11-09T16:04:54","guid":{"rendered":"https:\/\/ipini.it\/?page_id=1934"},"modified":"2024-01-04T11:22:05","modified_gmt":"2024-01-04T11:22:05","slug":"scuola-dellinfanzia","status":"publish","type":"post","link":"https:\/\/ipini.it\/?p=1934","title":{"rendered":"Scuola dell\\&#8217;infanzia"},"content":{"rendered":"<div id='av_section_1'  class='avia-section av-av_section-127744088b1c66cea0773982b6b4e09e main_color avia-section-default avia-shadow  avia-builder-el-0  el_before_av_section  avia-builder-el-first  avia-bg-style-scroll container_wrap sidebar_right'  ><div class='container av-section-cont-open' ><main  role=\"main\" itemprop=\"mainContentOfPage\"  class='template-page content  av-content-small alpha units'><div class='post-entry post-entry-type-page post-entry-1934'><div class='entry-content-wrapper clearfix'>\n\n\n<\/div><\/div><\/main><!-- close content main element --><\/div><\/div><div id='av_section_2'  class='avia-section av-av_section-bf4d34ce0af4284c7c3295a7144fe8fd main_color avia-section-default avia-shadow  avia-builder-el-2  el_after_av_section  avia-builder-el-last  avia-bg-style-scroll container_wrap sidebar_right'  ><div class='container av-section-cont-open' ><div class='template-page content  av-content-small alpha units'><div class='post-entry post-entry-type-page post-entry-1934'><div class='entry-content-wrapper clearfix'>\n<div  class='flex_column av-av_one_full-52737e2ab1baf7adad445d2ba4f0821a av_one_full  avia-builder-el-3  el_before_av_one_full  avia-builder-el-first  first flex_column_div  '     ><p><br \/>\n<section  class='av_textblock_section av-av_textblock-7a3905a12aa9956983aa14d724c21bbf '   itemscope=\"itemscope\" itemtype=\"https:\/\/schema.org\/BlogPosting\" itemprop=\"blogPost\" ><div class='avia_textblock'  itemprop=\"text\" ><p>La scuola dispone di\u00a0<strong>4 aule<\/strong>\u00a0luminose e spaziose utilizzate per lo svolgimento dell\u2019attivit\u00e0 didattica; un\u00a0<strong>refettorio<\/strong>\u00a0per la somministrazione dei pasti; un\u00a0<strong>cortile<\/strong>\u00a0e un\u00a0<strong>campo di basket<\/strong>\u00a0all\u2019aperto dove i bambini trascorrono abitualmente le ore di ricreazione.<\/p>\n<\/div><\/section><\/p><\/div><div  class='flex_column av-av_one_full-4aa61b5b6652f6fc0eda2042541053bc av_one_full  avia-builder-el-6  el_after_av_one_full  el_before_av_one_full  first flex_column_div  column-top-margin'     ><\/div><div  class='flex_column av-av_one_full-bf82c45979514b157ca997f26833893f av_one_full  avia-builder-el-8  el_after_av_one_full  el_before_av_one_full  first flex_column_div  column-top-margin'     ><p><br \/>\n<section  class='av_textblock_section av-av_textblock-86c672b9352ce1cb1a5abdd749bc28a0 '   itemscope=\"itemscope\" itemtype=\"https:\/\/schema.org\/BlogPosting\" itemprop=\"blogPost\" ><div class='avia_textblock'  itemprop=\"text\" ><p>La scuola \u00e8 aperta dalle 7.30 alle 18.30, con possibilit\u00e0 per i genitori di scegliere gli orari pi\u00f9 comodi e rispondenti alle loro esigenze: 7.30\/14.30 (con o senza pasto), 7.30\/16.30 oppure 7.30\/18.30. E\u2019 preferibile che i bambini arrivino a scuola non pi\u00f9 tardi delle 8.45, ora in cui iniziano le attivit\u00e0. E\u2019 possibile, in caso di necessit\u00e0 saltuarie, concordare un orario differente da quello prescelto abitualmente.<\/p>\n<\/div><\/section><\/p><\/div><div  class='flex_column av-av_one_full-aa097d5ec05cc62c5cdb5a820ffc31c9 av_one_full  avia-builder-el-11  el_after_av_one_full  el_before_av_one_full  first flex_column_div  column-top-margin'     ><\/div><div  class='flex_column av-av_one_full-d8ef7133bd7fef163eed2fe3a3874475 av_one_full  avia-builder-el-13  el_after_av_one_full  el_before_av_one_full  first flex_column_div  column-top-margin'     ><p><br \/>\n<section  class='av_textblock_section av-av_textblock-73be94946bc5cf4b6b5f7f2270cf6f8c '   itemscope=\"itemscope\" itemtype=\"https:\/\/schema.org\/BlogPosting\" itemprop=\"blogPost\" ><div class='avia_textblock'  itemprop=\"text\" ><p>Ogni classe viene seguita da una maestra e da un\u2019assistente. La coordinatrice didattica supporta le maestre per la valutazione degli alunni, per la stesura della programmazione e per affrontare gli eventuali problemi relativi all\u2019apprendimento.<\/p>\n<\/div><\/section><\/p><\/div><div  class='flex_column av-av_one_full-ea4364d3a53394dc37a7ba88ac8f00d9 av_one_full  avia-builder-el-16  el_after_av_one_full  el_before_av_one_full  first flex_column_div  column-top-margin'     ><\/div><div  class='flex_column av-av_one_full-2e037093971f3991358a7a693235e9d8 av_one_full  avia-builder-el-18  el_after_av_one_full  el_before_av_one_full  first flex_column_div  column-top-margin'     ><p><br \/>\n<section  class='av_textblock_section av-av_textblock-75df80f4518f020b48995f7c360dbc9a '   itemscope=\"itemscope\" itemtype=\"https:\/\/schema.org\/BlogPosting\" itemprop=\"blogPost\" ><div class='avia_textblock'  itemprop=\"text\" ><p><strong>Mese di settembre<\/strong>: Progetto Accoglienza \u2013 conoscere i nuovi bambini e riambientare gli altri.<\/p>\n<p><strong>Macropercorsi<\/strong>\u00a0(vengono attuati per tutto l\u2019anno)<\/p>\n<ol>\n<li>\u00a0<strong>Circle time<\/strong>\u00a0(il momento del cerchio): per iniziare insieme la nuova giornata, i bambini stanno seduti in cerchio e raccontano se stessi per conoscersi meglio.<\/li>\n<li>\u00a0<strong>Noi nel tempo<\/strong>: per far capire ai bambini il tempo meteorologico e quello inteso come passaggio dei giorni e dei mesi.<\/li>\n<li>\u00a0<strong>Lo faccio io<\/strong>: per fare in modo che il bambini inizi a essere autosufficiente, vengono svolte attivit\u00e0 di educazione all\u2019autonomia.<\/li>\n<li>\u00a0<strong>Da una festa all\u2019altra<\/strong>: preparazione delle principali attivit\u00e0 dell\u2019anno.<\/li>\n<li>\u00a0<strong>Libera mente e corpo<\/strong>: percorso motorio per orientarsi nello spazio e prendere coscienza del s\u00e9 corporeo.<\/li>\n<\/ol>\n<p>Attivit\u00e0 programmate durante l\u2019anno:<\/p>\n<ol>\n<li>\u00a0<strong>Io e il mondo dentro di me<\/strong>: sviluppo dell\u2019autonomia; espressione dei bambini attraverso il movimento; sviluppo di abilit\u00e0, talenti, competenze; allenamento emotivo.<\/li>\n<li>\u00a0<strong>Io e il mondo intorno a me<\/strong>: conoscenza del mondo e dei suoi elementi; riflessioni e quesiti da chiarire tramite un viaggio con personaggi fantastici (i bambini di 3 anni si recano nell\u2019\u201disola degli smemorati\u201d, quelli di 4 anni incontrano Mago Merlino, quelli di 5 anni conosceranno la citt\u00e0 guidati da \u201cMagici Folletti\u201d).<\/li>\n<li>\u00a0<strong>Progetto Ambiente<\/strong>: rispetto dell\u2019ambiente, protezione del pianeta.<\/li>\n<li>\u00a0<strong>Io nel mondo<\/strong>: conoscere gli usi, costumi e tradizioni degli altri e della nostra cultura.<\/li>\n<li>\u00a0<strong>Progetto ponte<\/strong>: continuit\u00e0 Nido \u2013 Scuola dell\u2019Infanzia \u2013 Scuola Primaria. A partire dal mese di febbraio, tutti i bambini interessati seguono periodicamente il progetto curato dalle insegnanti in \u00e9quipe per favorire l\u2019inserimento nella nuova struttura educativa per l\u2019anno scolastico successivo.<\/li>\n<\/ol>\n<\/div><\/section><\/p><\/div><div  class='flex_column av-av_one_full-e066209af3260b28c93ead01a288de5d av_one_full  avia-builder-el-21  el_after_av_one_full  el_before_av_one_full  first flex_column_div  column-top-margin'     ><\/div><div  class='flex_column av-av_one_full-23089e944329807eb4ce65f679170963 av_one_full  avia-builder-el-23  el_after_av_one_full  el_before_av_one_full  first flex_column_div  column-top-margin'     ><p><br \/>\n<section  class='av_textblock_section av-av_textblock-65147f868d898a87338da1e8f6d8e2fc '   itemscope=\"itemscope\" itemtype=\"https:\/\/schema.org\/BlogPosting\" itemprop=\"blogPost\" ><div class='avia_textblock'  itemprop=\"text\" ><p>Sono composte secondo il sistema misto (in ogni classe bambini di tre, quattro, cinque anni) ma, per alcuni lavori, i\u00a0<strong>bambini vengono raggruppati secondo l\u2019et\u00e0<\/strong>. Nei momenti di gioco all\u2019aperto le tre classi vengono riunite.<\/p>\n<\/div><\/section><\/p><\/div><div  class='flex_column av-av_one_full-1f527713bb1e9a8180c06da9899a396a av_one_full  avia-builder-el-26  el_after_av_one_full  el_before_av_one_full  first flex_column_div  column-top-margin'     ><\/div><div  class='flex_column av-av_one_full-76e6b9657b9f7a07da70300adc440514 av_one_full  avia-builder-el-28  el_after_av_one_full  el_before_av_one_full  first flex_column_div  column-top-margin'     ><p><br \/>\n<section  class='av_textblock_section av-av_textblock-d910215322f0fd4572b8bf910437088c '   itemscope=\"itemscope\" itemtype=\"https:\/\/schema.org\/BlogPosting\" itemprop=\"blogPost\" ><div class='avia_textblock'  itemprop=\"text\" ><p>Il piano viene predisposto all\u2019inizio dell\u2019anno scolastico e mensilmente verificato e aggiornato dagli operatori. Periodicamente vengono organizzati incontri tra le maestre, i genitori e psicologo e pedagogista.<\/p>\n<p>La programmazione delle attivit\u00e0 della scuola dell\u2019infanzia tiene conto dell\u2019esperienza precedente del bambino e del suo bagaglio. L<strong>a realizzazione del programma \u00e8 compito di ogni insegnante, in collaborazione con le colleghe e con l\u2019intero personale della scuola<\/strong>. In questo modo vengono definiti gli indirizzi educativi, le risorse, i tempi e la collaborazione con le famiglie di cui si ha bisogno per metterli in atto.<\/p>\n<p><strong>Attivit\u00e0 in inglese<\/strong>: viene svolta dal luned\u00ec al venerd\u00ec, dalle 13.30 alle 14.30. La Maestra, madrelingua, si avvale del sistema di apprendimento Helen Doron. Vengono utilizzati set didattici esclusivi ideati da esperti che insegnano attraverso canzoni, musica, movimento, giochi e speciali attivit\u00e0.<br \/>\n<strong>Corso sperimentale di musica<\/strong>: viene svolto una volta alla settimana in ogni classe.<br \/>\nI bambini che, nel successivo anno scolastico, devono frequentare la Scuola Primaria vengono preparati con appositi programmi di pre-lettura e pre-scrittura.<\/p>\n<\/div><\/section><\/p><\/div><div  class='flex_column av-av_one_full-7cfb2c1d36abd4a5c0d5ebc658664c74 av_one_full  avia-builder-el-31  el_after_av_one_full  el_before_av_one_full  first flex_column_div  column-top-margin'     ><\/div><div  class='flex_column av-av_one_full-9c5e50f0a7a77b2510852137ba6bf6a6 av_one_full  avia-builder-el-33  el_after_av_one_full  el_before_av_one_full  first flex_column_div  column-top-margin'     ><p><br \/>\n<section  class='av_textblock_section av-av_textblock-f8be1fccdbd0335a06df4f1d37f98ba4 '   itemscope=\"itemscope\" itemtype=\"https:\/\/schema.org\/BlogPosting\" itemprop=\"blogPost\" ><div class='avia_textblock'  itemprop=\"text\" ><ul>\n<li>07.30 \u2013 08.45 Accoglienza<\/li>\n<li>08.45 \u2013 09.15 Momento collettivo di espressione orale<\/li>\n<li>09.15 \u2013 10.30 Attivit\u00e0 sui campi di esperienza<\/li>\n<li>10.30 \u2013 10.50 Merenda<\/li>\n<li>10.50 \u2013 11.30 Motricit\u00e0, poesie e canti<\/li>\n<li>11.45 \u2013 13.00 Pranzo<\/li>\n<li>13.00 \u2013 14.00 Momento di distensione<\/li>\n<li>14.00 \u2013 18.30 Ludoteca \u201cNoi della sera\u201d<\/li>\n<\/ul>\n<p>Durante l\u2019anno si organizzano diverse iniziative che arricchiscono le nozioni apprese a scuola, stimolano la curiosit\u00e0 dei bambini e costituiscono validi momenti di aggregazione e socializzazione.<\/p>\n<\/div><\/section><\/p><\/div><div  class='flex_column av-av_one_full-44fe04fc961f69acec4de54769730676 av_one_full  avia-builder-el-36  el_after_av_one_full  el_before_av_one_full  first flex_column_div  column-top-margin'     ><\/div><div  class='flex_column av-av_one_full-0413fb280933d5bd8f99dbfc8a7315e6 av_one_full  avia-builder-el-38  el_after_av_one_full  el_before_av_image  first flex_column_div  column-top-margin'     ><p><br \/>\n<section  class='av_textblock_section av-av_textblock-1cc00ddbda0fb1dff66d15c9b59390cb '   itemscope=\"itemscope\" itemtype=\"https:\/\/schema.org\/BlogPosting\" itemprop=\"blogPost\" ><div class='avia_textblock'  itemprop=\"text\" ><ul>\n<li>\n<div id=\\\"content\\\" class=\\\"large-8 columns\\\">\n<p>I pasti vengono serviti alle 12.00 e preparati da una ditta specializzata secondo le tabelle dietetiche della ASL. Vengono serviti: primo e secondo piatto e contorno e frutta. In caso di intolleranze o altri problemi alimentari viene preparato un pasto personalizzato.<\/p>\n<\/div>\n<\/li>\n<\/ul>\n<\/div><\/section><\/p><\/div>\n<\/div><\/div><\/div><!-- close content main div --><\/div><\/div><div id='after_section_2'  class='main_color av_default_container_wrap container_wrap sidebar_right'  ><div class='container av-section-cont-open' ><div class='template-page content  av-content-small alpha units'><div class='post-entry post-entry-type-page post-entry-1934'><div class='entry-content-wrapper clearfix'>\n","protected":false},"excerpt":{"rendered":"","protected":false},"author":1,"featured_media":0,"comment_status":"closed","ping_status":"closed","sticky":false,"template":"","format":"standard","meta":{"footnotes":""},"categories":[],"tags":[],"class_list":["post-1934","post","type-post","status-publish","format-standard","hentry"],"_links":{"self":[{"href":"https:\/\/ipini.it\/index.php?rest_route=\/wp\/v2\/posts\/1934","targetHints":{"allow":["GET"]}}],"collection":[{"href":"https:\/\/ipini.it\/index.php?rest_route=\/wp\/v2\/posts"}],"about":[{"href":"https:\/\/ipini.it\/index.php?rest_route=\/wp\/v2\/types\/post"}],"author":[{"embeddable":true,"href":"https:\/\/ipini.it\/index.php?rest_route=\/wp\/v2\/users\/1"}],"replies":[{"embeddable":true,"href":"https:\/\/ipini.it\/index.php?rest_route=%2Fwp%2Fv2%2Fcomments&post=1934"}],"version-history":[{"count":0,"href":"https:\/\/ipini.it\/index.php?rest_route=\/wp\/v2\/posts\/1934\/revisions"}],"wp:attachment":[{"href":"https:\/\/ipini.it\/index.php?rest_route=%2Fwp%2Fv2%2Fmedia&parent=1934"}],"wp:term":[{"taxonomy":"category","embeddable":true,"href":"https:\/\/ipini.it\/index.php?rest_route=%2Fwp%2Fv2%2Fcategories&post=1934"},{"taxonomy":"post_tag","embeddable":true,"href":"https:\/\/ipini.it\/index.php?rest_route=%2Fwp%2Fv2%2Ftags&post=1934"}],"curies":[{"name":"wp","href":"https:\/\/api.w.org\/{rel}","templated":true}]}}